{"id":30116,"date":"2024-05-17T03:28:55","date_gmt":"2024-05-17T00:28:55","guid":{"rendered":"https:\/\/acu-sy.org\/news\/microsoft-stk-bulut-gunu\/"},"modified":"2024-05-17T03:28:56","modified_gmt":"2024-05-17T00:28:56","slug":"microsoft-stk-bulut-gunu","status":"publish","type":"news","link":"https:\/\/acu-sy.org\/tr\/news\/microsoft-stk-bulut-gunu\/","title":{"rendered":"Microsoft STK Bulut G\u00fcn\u00fc"},"excerpt":{"rendered":"<p>Yard\u0131m Koordinasyon Birimi, Microsoft STK Bulut G\u00fcn\u00fc etkinli\u011fine kat\u0131l\u0131yor<\/p>\n","protected":false},"author":4,"featured_media":19215,"parent":0,"template":"","meta":{"_acf_changed":false},"acu_tags":[522],"acu_news":[527],"class_list":["post-30116","news","type-news","status-publish","has-post-thumbnail","hentry","acu_tags-acu-tr","acu_news-etkinlikler"],"acf":{"department_news_tr":"News","news_type_tr":527,"post_title":"Microsoft STK Bulut G\u00fcn\u00fc","sub-title_news_tr":"","post_slug":"microsoft-stk-bulut-gunu","featured_image":"19215","post_content":"<strong>Yard\u0131m Koordinasyon Birimi (ACU), Microsoft STK Bulut G\u00fcn\u00fc etkinli\u011fine kat\u0131l\u0131yor.<\/strong>\n\nACU, Bilgi Teknolojileri M\u00fcd\u00fcr\u00fc taraf\u0131ndan temsil edilerek, Microsoft taraf\u0131ndan 9 May\u0131s 2018 tarihinde \u0130stanbul'da d\u00fczenlenen konferansa konu\u015fmac\u0131 olarak davet edildi. Konferansta, Microsoft'un sivil toplum kurulu\u015flar\u0131na sa\u011flad\u0131\u011f\u0131 f\u0131rsatlar, olanaklar ve Azure bulut hibeleri sunuldu.\n\nKonferansta \u00e7e\u015fitli konular tart\u0131\u015f\u0131ld\u0131:\n\nDijital d\u00f6n\u00fc\u015f\u00fcm, Microsoft\u2019un sivil toplum kurulu\u015flar\u0131 i\u00e7in sundu\u011fu f\u0131rsatlar, bulut bili\u015fim teknolojileri ve Microsoft\u2019un sivil toplum kurulu\u015flar\u0131na y\u00f6nelik hibeleri. Ayr\u0131ca, bulut teknolojilerinde inovasyon ve yapay zeka, ba\u011f\u0131\u015f\u00e7\u0131lar ve payda\u015flarla i\u015f birli\u011fini g\u00fc\u00e7lendirmeye y\u00f6nelik g\u00f6n\u00fcll\u00fc katk\u0131lar, analitik f\u0131rsatlar ve bulut raporlamas\u0131 gibi konular da tart\u0131\u015f\u0131ld\u0131.\n\nMicrosoft, 2017 y\u0131l\u0131nda d\u00fcnya genelindeki sivil toplum kurulu\u015flar\u0131na bulut hizmetleri \u015feklinde 1,2 milyar dolar ba\u011f\u0131\u015fta bulundu. <strong>Yard\u0131m Koordinasyon Birimi (ACU)<\/strong>, Suriye genelinde insani yard\u0131m\u0131 g\u00fc\u00e7lendirmek ve kriz i\u00e7indekilere daha iyi hizmet verebilmek i\u00e7in Microsoft ile stratejik bir ortakl\u0131k kapsam\u0131nda 133.965 $ tutar\u0131nda bir hibe ald\u0131. Bu hibe, zaman\u0131nda, g\u00f6rev a\u00e7\u0131s\u0131ndan kritik veriler sa\u011flayarak ve Azure, Power BI ve Office 365 Enterprise'\u0131n g\u00fcc\u00fcn\u00fc kullanarak sa\u011flanm\u0131\u015ft\u0131r.\n\n<a href=\"https:\/\/customers.microsoft.com\/en-gb\/story\/853170-assistance-coordination-unit-azure-office365-powerbi-nonprofit-turkey-en\" target=\"_blank\" rel=\"noopener\">https:\/\/customers.microsoft.com\/en-gb\/story\/853170-assistance-coordination-unit-azure-office365-powerbi-nonprofit-turkey-en<\/a>\n\n<img class=\"wp-image-19222 aligncenter\" src=\"http:\/\/acu-sy.org\/wp-content\/uploads\/2018\/03\/%D9%81%D9%8A%D8%B3-%D8%A8%D9%88%D9%83-%D8%B9%D8%B1%D9%8A%D8%B6777-300x199.jpg\" alt=\"\" width=\"883\" height=\"586\">","post_excerpt":"Yard\u0131m Koordinasyon Birimi, Microsoft STK Bulut G\u00fcn\u00fc etkinli\u011fine kat\u0131l\u0131yor","post_date":"2024-05-17 03:28:55","file_to_attach_news_tr":"Yes","news_file_tr":null,"youtube_yesno_news_tr":"No","youtube_link_news_tr":"","tags_news_tr":[],"news_report_status":"publish"},"_links":{"self":[{"href":"https:\/\/acu-sy.org\/tr\/wp-json\/wp\/v2\/news\/30116","targetHints":{"allow":["GET"]}}],"collection":[{"href":"https:\/\/acu-sy.org\/tr\/wp-json\/wp\/v2\/news"}],"about":[{"href":"https:\/\/acu-sy.org\/tr\/wp-json\/wp\/v2\/types\/news"}],"author":[{"embeddable":true,"href":"https:\/\/acu-sy.org\/tr\/wp-json\/wp\/v2\/users\/4"}],"acf:term":[{"embeddable":true,"taxonomy":"acu_news","href":"https:\/\/acu-sy.org\/tr\/wp-json\/wp\/v2\/acu_news\/527"}],"wp:featuredmedia":[{"embeddable":true,"href":"https:\/\/acu-sy.org\/tr\/wp-json\/wp\/v2\/media\/19215"}],"wp:attachment":[{"href":"https:\/\/acu-sy.org\/tr\/wp-json\/wp\/v2\/media?parent=30116"}],"wp:term":[{"taxonomy":"acu_tags","embeddable":true,"href":"https:\/\/acu-sy.org\/tr\/wp-json\/wp\/v2\/acu_tags?post=30116"},{"taxonomy":"acu_news","embeddable":true,"href":"https:\/\/acu-sy.org\/tr\/wp-json\/wp\/v2\/acu_news?post=30116"}],"curies":[{"name":"wp","href":"https:\/\/api.w.org\/{rel}","templated":true}]}}